{"id":14839,"date":"2016-10-03T06:32:15","date_gmt":"2016-10-03T05:32:15","guid":{"rendered":"http:\/\/www.ornauer.at\/lebensfreude-blog\/?p=14839"},"modified":"2016-10-10T11:11:58","modified_gmt":"2016-10-10T10:11:58","slug":"karin-weigl-lebt-bewusstes-leadership-und-bestaerkt-andere-es-auch-zu-tun","status":"publish","type":"post","link":"https:\/\/www.ornauer.at\/lebensfreude-blog\/karin-weigl-lebt-bewusstes-leadership-und-bestaerkt-andere-es-auch-zu-tun\/","title":{"rendered":"Karin Weigl lebt bewusstes Leadership und best\u00e4rkt andere, es auch zu tun"},"content":{"rendered":"<p><img decoding=\"async\" loading=\"lazy\" class=\"alignleft wp-image-14841 size-full\" src=\"http:\/\/www.ornauer.at\/lebensfreude-blog\/wp-content\/uploads\/2016\/10\/Wiener_Leadership_Kongress.jpg\" width=\"448\" height=\"214\" srcset=\"https:\/\/www.ornauer.at\/lebensfreude-blog\/wp-content\/uploads\/2016\/10\/Wiener_Leadership_Kongress.jpg 448w, https:\/\/www.ornauer.at\/lebensfreude-blog\/wp-content\/uploads\/2016\/10\/Wiener_Leadership_Kongress-300x143.jpg 300w\" sizes=\"(max-width: 448px) 100vw, 448px\" \/><\/p>\n<p>Der 1.<a href=\"http:\/\/www.wienerleadershipkongress.at\" target=\"_blank\"><strong> Wiener Leadership Kongress<\/strong><\/a> ging vor einem Jahr erfolgreich \u00fcber die B\u00fchne, weshalb er am 10. und 11. November in Wien in die zweite Runde geht. Denn es wird immer wichtiger, <strong>Mitarbeiter anders<\/strong> zu <strong>f\u00fchren<\/strong>.<\/p>\n<p><a href=\"http:\/\/www.karin-weigl.at\" target=\"_blank\"><strong>Karin Weigl<\/strong><\/a>, selbst ehemalige Managerin in einem internationalen Konzern, besch\u00e4ftigt sich mit diesem Thema seit vielen Jahren sehr intensiv, h\u00e4lt Vortr\u00e4ge und Workshops zum Thema <strong>\u201ebewusstes Leadership\u201c<\/strong> und stellte hochmotiviert und voller Leidenschaft den Wiener Leadership Kongress auf die Beine.<\/p>\n<p>Sie begleitet F\u00fchrungskr\u00e4fte in Unternehmen in Form von <strong>Meeting- und Workshop-Moderationen<\/strong> und Ver\u00e4nderungsprozessen bzw. Coachings sowie Menschen, bei denen sich gerade das ganze Leben beruflich auf den Kopf stellt.<\/p>\n<p><img decoding=\"async\" loading=\"lazy\" class=\"size-full wp-image-14864 alignright\" src=\"http:\/\/www.ornauer.at\/lebensfreude-blog\/wp-content\/uploads\/2016\/10\/Karin_Weigl.jpg\" alt=\"karin_weigl\" width=\"316\" height=\"448\" srcset=\"https:\/\/www.ornauer.at\/lebensfreude-blog\/wp-content\/uploads\/2016\/10\/Karin_Weigl.jpg 316w, https:\/\/www.ornauer.at\/lebensfreude-blog\/wp-content\/uploads\/2016\/10\/Karin_Weigl-212x300.jpg 212w\" sizes=\"(max-width: 316px) 100vw, 316px\" \/>Leadership und Achtsamkeit sind absolut ihre Themen, daf\u00fcr brennt sie. <strong>Achtsamkeit<\/strong> bedeutet f\u00fcr sie, im Jetzt zu sein und aus dem Jetzt heraus die Themen, die gerade anstehen, zu l\u00f6sen. Also nicht den Fokus prim\u00e4r auf das Planen der Zukunft zu setzen, sondern sich mit dem auseinanderzusetzen, was jetzt gerade dran ist.<\/p>\n<p><strong>Leadership<\/strong> hei\u00dft f\u00fcr Karin, sich in erster Linie selbst Struktur zu geben, <strong>Verantwortung f\u00fcr sich selbst und die Dinge zu \u00fcbernehmen, die zu tun sind<\/strong>. Sich selbst gut zu kennen und sich regelm\u00e4\u00dfig zu reflektieren, ist dabei die Grundlage. Wenn sie das f\u00fcr sich selbst kann und auch tut, dann kann sie auch f\u00fcr andere einen Rahmen setzen, das bedeutet f\u00fcr sie F\u00fchrung.<\/p>\n<p>Die meisten Menschen, die zu Karin kommen, w\u00fcnschen sich <strong>Klarheit <\/strong>in verschiedenen Bereichen. Entweder geht es um Klarheit \u00fcber Themen, die ein Unternehmen besch\u00e4ftigen, oder Klarheit \u00fcber die n\u00e4chsten Schritte.<\/p>\n<p>Kern ihrer Arbeit ist es, <strong>sich mit sich selbst auseinanderzusetzen<\/strong>. Zu wissen, wer man wirklich ist \u2013 im Unterschied zur Fassade, die wir oft im (Business-)Leben zeigen. Je <strong>bewusster <\/strong>wir Menschen sind, desto freudvoller und gelassener k\u00f6nnen wir zusammenarbeiten und unser Arbeitsleben gestalten: Dann weicht \u00dcberforderung <strong>Gelassenheit<\/strong>, Angst weicht <strong>Zuversicht<\/strong>, Kontrolle weicht <strong>Eigenverantwortung<\/strong>, Sicherheitsdenken weicht <strong>Mut<\/strong>.<\/p>\n<p><img decoding=\"async\" loading=\"lazy\" class=\"alignleft size-full wp-image-14845\" src=\"http:\/\/www.ornauer.at\/lebensfreude-blog\/wp-content\/uploads\/2016\/10\/Herbst_Wien.jpg\" alt=\"\" width=\"336\" height=\"448\" srcset=\"https:\/\/www.ornauer.at\/lebensfreude-blog\/wp-content\/uploads\/2016\/10\/Herbst_Wien.jpg 336w, https:\/\/www.ornauer.at\/lebensfreude-blog\/wp-content\/uploads\/2016\/10\/Herbst_Wien-225x300.jpg 225w\" sizes=\"(max-width: 336px) 100vw, 336px\" \/>Das brauchen wir als Individuen und das brauchen wir in der Wirtschaftswelt. In ihren Coachings oder Moderationen stellt sie Fragen, beobachtet und <strong>spiegelt Wahrnehmunge<\/strong>n zur\u00fcck. Danach wird einzeln, aber auch gemeinsam reflektiert und Erfahrungen werden geteilt, neue Ans\u00e4tze entwickelt oder L\u00f6sungen f\u00fcr ein anstehendes Thema erarbeitet.<\/p>\n<p>Karin bringt <strong>viel Pr\u00e4senz im Jetzt<\/strong>, eine <strong>gro\u00dfe Portion Motivation<\/strong> und <strong>positiven Spirit<\/strong> in die Organisationen ein, mit denen sie arbeitet. Sie sieht das, was die Menschen ausmacht, hat eine <strong>starke Intuition<\/strong> f\u00fcr das, was gerade zu tun ist und sieht schnell die Zusammenh\u00e4nge zwischen verschiedenen Themenstellungen.<\/p>\n<p>Dabei ist es ihr unglaublich wichtig, die Dinge m\u00f6glichst simpel auf den Punkt zu bringen. Karin liebt es, mit Menschen aus verschiedenen L\u00e4ndern <strong>international<\/strong> zu arbeiten. Und nur ganz nebenbei sei erw\u00e4hnt, dass sie auch <strong>in Englisch perfekt<\/strong> moderiert und coacht.<\/p>\n<p>Schon als kleines Kind w\u00e4re Karin gerne von zu Hause ausgezogen, um selbst Verantwortung \u00fcbernehmen zu k\u00f6nnen. Nicht, weil sie mit ihren Eltern Schwierigkeiten hatte, im Gegenteil. Vielmehr reizte sie der Gedanke, \u00fcber ihr eigenes Leben komplett selbst bestimmen zu k\u00f6nnen. Doch dazu musste sie wohl dann doch noch einige Jahre warten.<\/p>\n<div id=\"attachment_14847\" style=\"width: 388px\" class=\"wp-caption alignright\"><img decoding=\"async\" loading=\"lazy\" aria-describedby=\"caption-attachment-14847\" class=\"wp-image-14847 size-full\" src=\"http:\/\/www.ornauer.at\/lebensfreude-blog\/wp-content\/uploads\/2016\/10\/Karin_Weigl_Coco.jpg\" alt=\"karin_weigl_coco\" width=\"378\" height=\"336\" srcset=\"https:\/\/www.ornauer.at\/lebensfreude-blog\/wp-content\/uploads\/2016\/10\/Karin_Weigl_Coco.jpg 378w, https:\/\/www.ornauer.at\/lebensfreude-blog\/wp-content\/uploads\/2016\/10\/Karin_Weigl_Coco-300x267.jpg 300w\" sizes=\"(max-width: 378px) 100vw, 378px\" \/><p id=\"caption-attachment-14847\" class=\"wp-caption-text\">Ein Herz und eine Seele &#8211; Karin und ihre Coco<\/p><\/div>\n<p>Als junge Erwachsene hatte sie immer wieder das Bild vor Augen, <strong>in der Management-Etage eines gro\u00dfen Unternehmens t\u00e4tig <\/strong>zu sein. Das war kein ambitioniertes Wunschdenken, sondern vielmehr ein Gef\u00fchl, von dem sie keine Ahnung hatte, wo es herkam.<\/p>\n<p>Mit einem Englischstudium in der Tasche schien das aber vorerst mal wenig realistisch. Der Weg hat Karin dann in verschiedenste Rollen gef\u00fchrt, angefangen von Assistenzjobs \u00fcber Vertriebst\u00e4tigkeiten bis ins Marketing. Und schlie\u00dflich hat sie das Leben als <strong>Marketing-Direktorin in einem internationalen IT-Konzern<\/strong> tats\u00e4chlich in eine F\u00fchrungsrolle gef\u00fchrt. Das Thema Leadership war also immer schon in irgendeiner Weise pr\u00e4sent in ihrem Leben.<\/p>\n<p>Ihr eigenes Unternehmen zu gr\u00fcnden, war daraufhin eine Bauchentscheidung. Wenig strategisch vorbereitet, sondern hin zur <strong>Arbeit mit Menschen<\/strong>, das, was sie in ihrer F\u00fchrungsrolle sehr geliebt hatte. In ihrer Arbeit mit den Menschen in ihren Workshops und Coachings f\u00fchlt sie sich sofort wieder in ihrer Kraft, wenn ihr das Leben manchmal auch ein bisschen zu viel Pfeffer in die Suppe streut.<\/p>\n<div id=\"attachment_14849\" style=\"width: 458px\" class=\"wp-caption alignleft\"><img decoding=\"async\" loading=\"lazy\" aria-describedby=\"caption-attachment-14849\" class=\"wp-image-14849 size-full\" src=\"http:\/\/www.ornauer.at\/lebensfreude-blog\/wp-content\/uploads\/2016\/10\/Karin_Weigl_64_keys_iPad.jpg\" alt=\"karin_weigl_64_keys_ipad\" width=\"448\" height=\"298\" srcset=\"https:\/\/www.ornauer.at\/lebensfreude-blog\/wp-content\/uploads\/2016\/10\/Karin_Weigl_64_keys_iPad.jpg 448w, https:\/\/www.ornauer.at\/lebensfreude-blog\/wp-content\/uploads\/2016\/10\/Karin_Weigl_64_keys_iPad-300x200.jpg 300w\" sizes=\"(max-width: 448px) 100vw, 448px\" \/><p id=\"caption-attachment-14849\" class=\"wp-caption-text\">64keys &#8211; Erkl\u00e4rung dazu unten bei Karins Links!<\/p><\/div>\n<p>Dieses <strong>Gef\u00fchl, das Richtige zu tun<\/strong>, und das Gef\u00fchl f\u00fcr eine Art Vision lassen Karin selbst in schwierigeren Zeiten dran bleiben, wenngleich sie auch manchmal gezweifelt hat. Aber sie denkt, das ist ein Teil des gro\u00dfen Ganzen, sich und sein Tun immer wieder einmal zu hinterfragen.<\/p>\n<p>Wenn nach Workshops, Moderationen oder Coachings Menschen auf sie zukommen und sich f\u00fcr die <strong>Impulse<\/strong>, die <strong>Motivation<\/strong> und die <strong>Freude<\/strong> bedanken, die Karin ausgestrahlt hat und die sie selbst mit nach Hause nehmen, dann f\u00fchlt sie ein gro\u00dfes Gl\u00fcck. Und wenn sich Fragestellungen, die zuvor schwierig erschienen sind, durch einfache L\u00f6sungen aufgel\u00f6st haben.<\/p>\n<p>Karins sch\u00f6nster Erfolg waren die Feedbacks ihrer KollegInnen und MitarbeiterInnen im Rahmen ihrer F\u00fchrungsaufgaben sowie ein Feedback eines Kunden nach einem abgeschlossenen Projekt, der meinte: \u201e<strong>Schade, dass wir fertig sind, wir lassen dich nur ungern gehen.<\/strong> Mit dir zu arbeiten war uns eine Ehre und hat uns ordentlich weitergebracht!\u201c<\/p>\n<p><img decoding=\"async\" loading=\"lazy\" class=\"alignright size-full wp-image-14851\" src=\"http:\/\/www.ornauer.at\/lebensfreude-blog\/wp-content\/uploads\/2016\/10\/Cafe_in_Prag.jpg\" alt=\"cafe_in_prag\" width=\"448\" height=\"299\" srcset=\"https:\/\/www.ornauer.at\/lebensfreude-blog\/wp-content\/uploads\/2016\/10\/Cafe_in_Prag.jpg 448w, https:\/\/www.ornauer.at\/lebensfreude-blog\/wp-content\/uploads\/2016\/10\/Cafe_in_Prag-300x200.jpg 300w\" sizes=\"(max-width: 448px) 100vw, 448px\" \/>Die Funken spr\u00fchen ganz eindeutig, wenn Karin von ihren Erfahrungen bzw. relevante (Business-)Geschichten aus ihrem Leben berichtet. Das wollen die Menschen offenbar von ihr h\u00f6ren und das ist auch meist das Feedback, das sie bekommt, dass diese Geschichten und Beispiele so bereichernd sind.<\/p>\n<p>Und wenn Karin f\u00fcr ihre Auftr\u00e4ge auch noch <strong>in fremde St\u00e4dte reisen<\/strong> kann, dann ist das f\u00fcr sie einfach genial. Methodisch kommt sie aus der systemischen Beratung, die aber mittlerweile ihre pers\u00f6nliche Note erhalten hat. Sie h\u00f6rt genau zu, lasst die Menschen sprechen und stellt so manche Frage.<\/p>\n<p>Durch die Informationen verkn\u00fcpfen sich \u00a0beinahe <strong>magisch<\/strong> lose und unzusammenh\u00e4ngend wirkende Inhalte pl\u00f6tzlich zu einem Gesamtbild, das sie dann aussprechen muss. Das ist oft schon <strong>Teil der L\u00f6sung<\/strong>, an der sie mit ihren KlientInnen weiterarbeitet.<\/p>\n<p><strong><img decoding=\"async\" loading=\"lazy\" class=\"alignleft size-full wp-image-14853\" src=\"http:\/\/www.ornauer.at\/lebensfreude-blog\/wp-content\/uploads\/2016\/10\/Liegestuehle_Schnee.jpg\" alt=\"liegestuehle_schnee\" width=\"336\" height=\"337\" srcset=\"https:\/\/www.ornauer.at\/lebensfreude-blog\/wp-content\/uploads\/2016\/10\/Liegestuehle_Schnee.jpg 336w, https:\/\/www.ornauer.at\/lebensfreude-blog\/wp-content\/uploads\/2016\/10\/Liegestuehle_Schnee-50x50.jpg 50w, https:\/\/www.ornauer.at\/lebensfreude-blog\/wp-content\/uploads\/2016\/10\/Liegestuehle_Schnee-300x300.jpg 300w\" sizes=\"(max-width: 336px) 100vw, 336px\" \/>Karins Geheimtipp f\u00fcr ihren Erfolg:<\/strong> Sich mit sich selbst zu besch\u00e4ftigen und immer besser kennenzulernen und an sich selbst zu glauben. Dran zu bleiben an dem, was man gerne macht, auch wenn es manchmal schwierig ist. Auf sein tiefstes Bauchgef\u00fchl zu vertrauen (und dem Kopf nur bedingt zu folgen). Das zu tun, was gerade zu tun ist, sich dadurch immer wieder selbst zu motivieren und sich oft mit dem Gef\u00fchl der eigenen Vision zu verbinden, versuchen, diese zu sp\u00fcren, auch wenn man sie nicht artikulieren kann.<\/p>\n<p>Das ist sehr wertvoll! So einen Menschen an seiner Seite zu haben, der mit offenen Augen und Ohren wahrnimmt und der Stimme seines Herzens folgt. Ein Vorbild f\u00fcr mich, ganz gro\u00df!<\/p>\n<p><strong><u>Hier findest du Karin Weigl im Internet:<br \/>\n<\/u><\/strong>Unternehmensberatung f\u00fcr Leadership,Achtsamkeit und Bewusstheit im Business: <a href=\"http:\/\/www.karin-weigl.at\" target=\"_blank\">www.karin-weigl.at<\/a><br \/>\n64keys &#8211; hier erf\u00e4hrst du mehr dar\u00fcber:\u00a0<a href=\"http:\/\/www.karin-weigl.at\/64keys-bewusstheit\/\" target=\"_blank\">www.karin-weigl.at\/64keys-bewusstheit<\/a><br \/>\n2.Wiener Leadership Kongress am 10. Und 11.11.2016 &#8211; ein Forum f\u00fcr F\u00fchrungskr\u00e4fte und UnternehmerInnen, die neue Wege in der F\u00fchrung gehen. \u00a0<a href=\"http:\/\/www.wienerleadershipkongress.at\/\" target=\"_blank\">www.wienerleadershipkongress.at<br \/>\n<\/a>Der Wiener Leadership Kongress auf Facebook: <a href=\"https:\/\/www.facebook.com\/wienerleadershipkongress\/\" target=\"_blank\">www.facebook.com\/wienerleadershipkongress<\/a><\/p>\n<p>Aus der\u00a0<a href=\"http:\/\/www.ornauer.at\/lebensfreude-blog\/angebot-der-lebensfreude\/\" target=\"_blank\"><strong>Blog-Reihe \u201eI love my job\u201c<\/strong><\/a>, in der\u00a0<strong>erfolgreiche UnternehmerInnen ins Scheinwerferlicht geholt\u00a0<\/strong>werden und\u00a0<strong>ihre Geheimtipps f\u00fcr ihren Erfolg preisgeben<\/strong>!<br \/>\nBis jetzt dabei gewesen:<br \/>\n26.09.2016 <a href=\"http:\/\/www.ornauer.at\/lebensfreude-blog\/amo-apfalter-beruehrt-menschen-im-wahrsten-sinne-des-wortes\/\" target=\"_blank\">Amo Monika Apfalter<\/a> ber\u00fchrt Menschen<br \/>\n19.09.2016 <a href=\"http:\/\/www.ornauer.at\/lebensfreude-blog\/brigitte-zahrls-ethisches-business-netzwerk-fuer-noch-mehr-erfolg-ist-kein-geheimnis\/\" target=\"_blank\">Brigitte Zahrl<\/a>, Karmisches Netzwerk International (KNI)<br \/>\n12.09.2016 <a href=\"http:\/\/www.ornauer.at\/lebensfreude-blog\/claudia-beer-hilft-beim-sprung-in-ein-neues-leben\/\" target=\"_blank\">Claudia Beer<\/a> \u2013 Seelenlichtenergie und Soulenergywalk<br \/>\n22.08.2016:\u00a0<a href=\"http:\/\/www.ornauer.at\/lebensfreude-blog\/carolin-hempel-hat-ein-grosses-herz-fuer-tiere\/\" target=\"_blank\">Carolin Hempel<\/a>, Tierheilpraktikerin<br \/>\n16.08.2016\u00a0<a href=\"http:\/\/www.ornauer.at\/lebensfreude-blog\/barbara-graber-eine-quantenspringerin-auf-hoehenflug\/\" target=\"_blank\">Barbara Graber<\/a>, Coach im Quantenraum<br \/>\n25.07.2016\u00a0<a href=\"http:\/\/www.ornauer.at\/lebensfreude-blog\/petra-lehner-fuehrt-zum-erfolg-mit-gehirn-und-herz\/\" target=\"_blank\">Petra Lehner<\/a>, Mentalcoach und Schnellese-Trainerin<br \/>\n18.07.2016\u00a0<a href=\"http:\/\/www.ornauer.at\/lebensfreude-blog\/werberin-angela-winkler-gestaltet-das-leben-bunt-und-gluecklich\/\" target=\"_blank\">Angela Winkler<\/a>, Werbeagentur und Gl\u00fccksnotiz-Bl\u00e4ttchen\u00ae<br \/>\n11.07.2016\u00a0<a href=\"http:\/\/www.ornauer.at\/lebensfreude-blog\/gartenarchitektin-sylvia-thija-nada-kroslin-die-paradiesbringerin\/\" target=\"_blank\">Sylvia Thija\u00b4 Nada Kroslin<\/a>, Gartenarchitektin<br \/>\n04.07.2016\u00a0<a href=\"http:\/\/www.ornauer.at\/lebensfreude-blog\/alexandra-rosit-hering-bringt-ordnung-und-liebe-ins-system\/\" target=\"_blank\">Alexandra Rosit-Hering<\/a>, systemische Aufstellungen<br \/>\n27.06.2016\u00a0<a href=\"http:\/\/www.ornauer.at\/lebensfreude-blog\/tom-oberbichler-macht-buchtraeume-wahr\/\" target=\"_blank\">Tom Oberbichler<\/a>, Buchmentor<br \/>\n20.06.2016\u00a0<a href=\"http:\/\/www.ornauer.at\/lebensfreude-blog\/olga-woelfl-entdeckt-mit-ihrer-kuenstleragentur-upperclassic-stars-von-morgen\/\" target=\"_blank\">Olga W\u00f6lfl und ihre K\u00fcnstleragentur Upperclassic<\/a><br \/>\n13.06.2016\u00a0<a href=\"http:\/\/www.ornauer.at\/lebensfreude-blog\/daniela-schul-ist-die-erfolgsnetzwerkerin-fuer-frauen\/\" target=\"_blank\">Daniela Schul<\/a>, Erfolgsnetzwerkerin<br \/>\n06.06.2016\u00a0<a href=\"http:\/\/www.ornauer.at\/lebensfreude-blog\/fotografin-tamara-wassermann-sieht-mit-ihrem-herzen\/\" target=\"_blank\">Tamara Wassermann<\/a>, Fotografin<br \/>\n30.05.2016\u00a0<a href=\"http:\/\/www.ornauer.at\/lebensfreude-blog\/endlich-gibt-es-good-news-bettina-sahling-verbreitet-positive-nachrichten\/\" target=\"_blank\">Bettina Sahling verbreitet Newslichter<br \/>\n<\/a>23.05.2016\u00a0<a href=\"http:\/\/www.ornauer.at\/lebensfreude-blog\/anna-schoppa-coacht-kinder-jugendliche-und-eltern\/\" target=\"_blank\">Anna Schoppa coacht Kinder<\/a>, Jugendliche und Eltern<br \/>\n17.05.2016\u00a0<a href=\"http:\/\/www.ornauer.at\/lebensfreude-blog\/ausnahmeerscheinung-gabriele-freudenthaler-maklerin-mit-herz\/\" target=\"_blank\">Maklerin Gabriele Freudenthaler<br \/>\n<\/a>09.05.2016\u00a0<a href=\"http:\/\/www.ornauer.at\/lebensfreude-blog\/eine-unternehmerin-mit-geschichten-gabi-steinbach\/\" target=\"_blank\">Gabriele Steinbach<\/a>\u00a0und ihr\u00a0Geschichten-Netzwerk<br \/>\n02.05.2016\u00a0<a href=\"http:\/\/www.ornauer.at\/lebensfreude-blog\/nadine-rebel-eine-schillernde-vielseitige-unternehmerin-an-der-stange\/\" target=\"_blank\">Nadine Rebel<\/a>,\u00a0Unternehmensberaterin und Poldance-Lehrerin<br \/>\n25.04.2016\u00a0<a href=\"http:\/\/www.ornauer.at\/lebensfreude-blog\/eine-unternehmerin-mit-herz-und-verstand-ingrid-auer\/\" target=\"_blank\">internationale spirituelle Botschafterin Ingrid Auer<\/a><br \/>\n18.04.2016\u00a0<a href=\"http:\/\/www.ornauer.at\/lebensfreude-blog\/pure-lebensfreude-dorothee-herrmann-im-scheinwerferlicht\/\" target=\"_blank\">Dorothee Herrmann als DoroFee<\/a>, Illustratorin, Malerin und Autorin<br \/>\n11.04.2016\u00a0<a href=\"http:\/\/www.ornauer.at\/lebensfreude-blog\/unternehmerinnen-die-lieben-was-sie-tun-solebenwieichwill\/\" target=\"_blank\">Stella Damm und Petra Czanik mit So leben wie ich will<\/a><a href=\"http:\/\/www.ornauer.at\/lebensfreude-blog\/unternehmer-im-scheinwerferlicht-cornelia-schiestek-liebt-was-sie-tut\/\" target=\"_blank\"><br \/>\n<\/a>04.04.2016\u00a0<a href=\"http:\/\/www.ornauer.at\/lebensfreude-blog\/unternehmer-im-scheinwerferlicht-cornelia-schiestek-liebt-was-sie-tut\/\" target=\"_blank\">Cornelia Schiestek baut Marken auf<\/a><\/p>\n<span class=\"et_bloom_bottom_trigger\"><\/span>","protected":false},"excerpt":{"rendered":"<p>Der 1. Wiener Leadership Kongress ging vor einem Jahr erfolgreich \u00fcber die B\u00fchne, weshalb er am 10. und 11. November in Wien in die zweite Runde geht. Denn es wird immer wichtiger, Mitarbeiter anders zu f\u00fchren. Karin Weigl, selbst ehemalige Managerin in einem internationalen Konzern, besch\u00e4ftigt sich mit diesem Thema seit vielen Jahren sehr intensiv, [&hellip;]<\/p>\n","protected":false},"author":1,"featured_media":14865,"comment_status":"open","ping_status":"closed","sticky":false,"template":"","format":"standard","meta":{"_et_pb_use_builder":"","_et_pb_old_content":"","_et_gb_content_width":""},"categories":[1,5,6677,453,6721,3639,6722,7155],"tags":[76,88,7302,131,7295,7290,7109,7305,7291,227,4640,2599,281,7309,3660,3180,364,5706,6662,532,7158,7300,7304,609,7296,625,627,628,732,734,770,790,793,820,2931,7287,7308,860,6680,877,878,6631,1097,3550,7293,4098,4464,1164,7307,7281,1213,1219,3283,5798,7284,7299,7289,7282,6638,1360,1410,3260,7301,7283,6970,7288,7076,7106,3453,7286,1521,5634,1637,3387,1673,6905,3559,1850,7285,1931,1980,7297,2037,6977,2087,7292,3860,4834,6617,2225,2246,2249,2329,7306,2352,3558,4831,2392,7294,2493,7095,7303,2571,7070,7298,2584,4559],"yoast_head":"<!-- This site is optimized with the Yoast SEO plugin v20.4 - https:\/\/yoast.com\/wordpress\/plugins\/seo\/ -->\n<title>Karin Weigl - bewusst Leadership leben, andere best\u00e4rken es auch zu tun<\/title>\n<meta name=\"description\" content=\"Karin Weigl, ehemalige Managerin in einem internationalen Konzern, besch\u00e4ftigt sich mit dem Thema Leadership und organisiert den Wiener Leadership Kongress.\" \/>\n<meta name=\"robots\" content=\"index, follow, max-snippet:-1, max-image-preview:large, max-video-preview:-1\" \/>\n<link rel=\"canonical\" href=\"https:\/\/www.ornauer.at\/lebensfreude-blog\/karin-weigl-lebt-bewusstes-leadership-und-bestaerkt-andere-es-auch-zu-tun\/\" \/>\n<meta property=\"og:locale\" content=\"de_DE\" \/>\n<meta property=\"og:type\" content=\"article\" \/>\n<meta property=\"og:title\" content=\"Karin Weigl - bewusst Leadership leben, andere best\u00e4rken es auch zu tun\" \/>\n<meta property=\"og:description\" content=\"Karin Weigl, ehemalige Managerin in einem internationalen Konzern, besch\u00e4ftigt sich mit dem Thema Leadership und organisiert den Wiener Leadership Kongress.\" \/>\n<meta property=\"og:url\" content=\"https:\/\/www.ornauer.at\/lebensfreude-blog\/karin-weigl-lebt-bewusstes-leadership-und-bestaerkt-andere-es-auch-zu-tun\/\" \/>\n<meta property=\"og:site_name\" content=\"zauberwort - Die Lebensfreude Agentur von Elisabeth Ornauer\" \/>\n<meta property=\"article:published_time\" content=\"2016-10-03T05:32:15+00:00\" \/>\n<meta property=\"article:modified_time\" content=\"2016-10-10T10:11:58+00:00\" \/>\n<meta property=\"og:image\" content=\"https:\/\/www.ornauer.at\/lebensfreude-blog\/wp-content\/uploads\/2016\/10\/Karin_Weigl_quer.jpg\" \/>\n\t<meta property=\"og:image:width\" content=\"316\" \/>\n\t<meta property=\"og:image:height\" content=\"221\" \/>\n\t<meta property=\"og:image:type\" content=\"image\/jpeg\" \/>\n<meta name=\"author\" content=\"Elisabeth\" \/>\n<meta name=\"twitter:card\" content=\"summary_large_image\" \/>\n<meta name=\"twitter:label1\" content=\"Verfasst von\" \/>\n\t<meta name=\"twitter:data1\" content=\"Elisabeth\" \/>\n\t<meta name=\"twitter:label2\" content=\"Gesch\u00e4tzte Lesezeit\" \/>\n\t<meta name=\"twitter:data2\" content=\"7\u00a0Minuten\" \/>\n<script type=\"application\/ld+json\" class=\"yoast-schema-graph\">{\"@context\":\"https:\/\/schema.org\",\"@graph\":[{\"@type\":\"WebPage\",\"@id\":\"https:\/\/www.ornauer.at\/lebensfreude-blog\/karin-weigl-lebt-bewusstes-leadership-und-bestaerkt-andere-es-auch-zu-tun\/\",\"url\":\"https:\/\/www.ornauer.at\/lebensfreude-blog\/karin-weigl-lebt-bewusstes-leadership-und-bestaerkt-andere-es-auch-zu-tun\/\",\"name\":\"Karin Weigl - bewusst Leadership leben, andere best\u00e4rken es auch zu tun\",\"isPartOf\":{\"@id\":\"https:\/\/www.ornauer.at\/lebensfreude-blog\/#website\"},\"datePublished\":\"2016-10-03T05:32:15+00:00\",\"dateModified\":\"2016-10-10T10:11:58+00:00\",\"author\":{\"@id\":\"https:\/\/www.ornauer.at\/lebensfreude-blog\/#\/schema\/person\/e13277fa8ac7ebe84f48d41be9bad9b6\"},\"description\":\"Karin Weigl, ehemalige Managerin in einem internationalen Konzern, besch\u00e4ftigt sich mit dem Thema Leadership und organisiert den Wiener Leadership Kongress.\",\"breadcrumb\":{\"@id\":\"https:\/\/www.ornauer.at\/lebensfreude-blog\/karin-weigl-lebt-bewusstes-leadership-und-bestaerkt-andere-es-auch-zu-tun\/#breadcrumb\"},\"inLanguage\":\"de\",\"potentialAction\":[{\"@type\":\"ReadAction\",\"target\":[\"https:\/\/www.ornauer.at\/lebensfreude-blog\/karin-weigl-lebt-bewusstes-leadership-und-bestaerkt-andere-es-auch-zu-tun\/\"]}]},{\"@type\":\"BreadcrumbList\",\"@id\":\"https:\/\/www.ornauer.at\/lebensfreude-blog\/karin-weigl-lebt-bewusstes-leadership-und-bestaerkt-andere-es-auch-zu-tun\/#breadcrumb\",\"itemListElement\":[{\"@type\":\"ListItem\",\"position\":1,\"name\":\"Home\",\"item\":\"https:\/\/www.ornauer.at\/lebensfreude-blog\/\"},{\"@type\":\"ListItem\",\"position\":2,\"name\":\"Karin Weigl lebt bewusstes Leadership und best\u00e4rkt andere, es auch zu tun\"}]},{\"@type\":\"WebSite\",\"@id\":\"https:\/\/www.ornauer.at\/lebensfreude-blog\/#website\",\"url\":\"https:\/\/www.ornauer.at\/lebensfreude-blog\/\",\"name\":\"zauberwort - Die Lebensfreude Agentur von Elisabeth Ornauer\",\"description\":\"bringt dein Licht zum Leuchten\",\"potentialAction\":[{\"@type\":\"SearchAction\",\"target\":{\"@type\":\"EntryPoint\",\"urlTemplate\":\"https:\/\/www.ornauer.at\/lebensfreude-blog\/?s={search_term_string}\"},\"query-input\":\"required name=search_term_string\"}],\"inLanguage\":\"de\"},{\"@type\":\"Person\",\"@id\":\"https:\/\/www.ornauer.at\/lebensfreude-blog\/#\/schema\/person\/e13277fa8ac7ebe84f48d41be9bad9b6\",\"name\":\"Elisabeth\",\"url\":\"https:\/\/www.ornauer.at\/lebensfreude-blog\/author\/admin\/\"}]}<\/script>\n<!-- \/ Yoast SEO plugin. -->","yoast_head_json":{"title":"Karin Weigl - bewusst Leadership leben, andere best\u00e4rken es auch zu tun","description":"Karin Weigl, ehemalige Managerin in einem internationalen Konzern, besch\u00e4ftigt sich mit dem Thema Leadership und organisiert den Wiener Leadership Kongress.","robots":{"index":"index","follow":"follow","max-snippet":"max-snippet:-1","max-image-preview":"max-image-preview:large","max-video-preview":"max-video-preview:-1"},"canonical":"https:\/\/www.ornauer.at\/lebensfreude-blog\/karin-weigl-lebt-bewusstes-leadership-und-bestaerkt-andere-es-auch-zu-tun\/","og_locale":"de_DE","og_type":"article","og_title":"Karin Weigl - bewusst Leadership leben, andere best\u00e4rken es auch zu tun","og_description":"Karin Weigl, ehemalige Managerin in einem internationalen Konzern, besch\u00e4ftigt sich mit dem Thema Leadership und organisiert den Wiener Leadership Kongress.","og_url":"https:\/\/www.ornauer.at\/lebensfreude-blog\/karin-weigl-lebt-bewusstes-leadership-und-bestaerkt-andere-es-auch-zu-tun\/","og_site_name":"zauberwort - Die Lebensfreude Agentur von Elisabeth Ornauer","article_published_time":"2016-10-03T05:32:15+00:00","article_modified_time":"2016-10-10T10:11:58+00:00","og_image":[{"width":316,"height":221,"url":"https:\/\/www.ornauer.at\/lebensfreude-blog\/wp-content\/uploads\/2016\/10\/Karin_Weigl_quer.jpg","type":"image\/jpeg"}],"author":"Elisabeth","twitter_card":"summary_large_image","twitter_misc":{"Verfasst von":"Elisabeth","Gesch\u00e4tzte Lesezeit":"7\u00a0Minuten"},"schema":{"@context":"https:\/\/schema.org","@graph":[{"@type":"WebPage","@id":"https:\/\/www.ornauer.at\/lebensfreude-blog\/karin-weigl-lebt-bewusstes-leadership-und-bestaerkt-andere-es-auch-zu-tun\/","url":"https:\/\/www.ornauer.at\/lebensfreude-blog\/karin-weigl-lebt-bewusstes-leadership-und-bestaerkt-andere-es-auch-zu-tun\/","name":"Karin Weigl - bewusst Leadership leben, andere best\u00e4rken es auch zu tun","isPartOf":{"@id":"https:\/\/www.ornauer.at\/lebensfreude-blog\/#website"},"datePublished":"2016-10-03T05:32:15+00:00","dateModified":"2016-10-10T10:11:58+00:00","author":{"@id":"https:\/\/www.ornauer.at\/lebensfreude-blog\/#\/schema\/person\/e13277fa8ac7ebe84f48d41be9bad9b6"},"description":"Karin Weigl, ehemalige Managerin in einem internationalen Konzern, besch\u00e4ftigt sich mit dem Thema Leadership und organisiert den Wiener Leadership Kongress.","breadcrumb":{"@id":"https:\/\/www.ornauer.at\/lebensfreude-blog\/karin-weigl-lebt-bewusstes-leadership-und-bestaerkt-andere-es-auch-zu-tun\/#breadcrumb"},"inLanguage":"de","potentialAction":[{"@type":"ReadAction","target":["https:\/\/www.ornauer.at\/lebensfreude-blog\/karin-weigl-lebt-bewusstes-leadership-und-bestaerkt-andere-es-auch-zu-tun\/"]}]},{"@type":"BreadcrumbList","@id":"https:\/\/www.ornauer.at\/lebensfreude-blog\/karin-weigl-lebt-bewusstes-leadership-und-bestaerkt-andere-es-auch-zu-tun\/#breadcrumb","itemListElement":[{"@type":"ListItem","position":1,"name":"Home","item":"https:\/\/www.ornauer.at\/lebensfreude-blog\/"},{"@type":"ListItem","position":2,"name":"Karin Weigl lebt bewusstes Leadership und best\u00e4rkt andere, es auch zu tun"}]},{"@type":"WebSite","@id":"https:\/\/www.ornauer.at\/lebensfreude-blog\/#website","url":"https:\/\/www.ornauer.at\/lebensfreude-blog\/","name":"zauberwort - Die Lebensfreude Agentur von Elisabeth Ornauer","description":"bringt dein Licht zum Leuchten","potentialAction":[{"@type":"SearchAction","target":{"@type":"EntryPoint","urlTemplate":"https:\/\/www.ornauer.at\/lebensfreude-blog\/?s={search_term_string}"},"query-input":"required name=search_term_string"}],"inLanguage":"de"},{"@type":"Person","@id":"https:\/\/www.ornauer.at\/lebensfreude-blog\/#\/schema\/person\/e13277fa8ac7ebe84f48d41be9bad9b6","name":"Elisabeth","url":"https:\/\/www.ornauer.at\/lebensfreude-blog\/author\/admin\/"}]}},"_links":{"self":[{"href":"https:\/\/www.ornauer.at\/lebensfreude-blog\/wp-json\/wp\/v2\/posts\/14839"}],"collection":[{"href":"https:\/\/www.ornauer.at\/lebensfreude-blog\/wp-json\/wp\/v2\/posts"}],"about":[{"href":"https:\/\/www.ornauer.at\/lebensfreude-blog\/wp-json\/wp\/v2\/types\/post"}],"author":[{"embeddable":true,"href":"https:\/\/www.ornauer.at\/lebensfreude-blog\/wp-json\/wp\/v2\/users\/1"}],"replies":[{"embeddable":true,"href":"https:\/\/www.ornauer.at\/lebensfreude-blog\/wp-json\/wp\/v2\/comments?post=14839"}],"version-history":[{"count":0,"href":"https:\/\/www.ornauer.at\/lebensfreude-blog\/wp-json\/wp\/v2\/posts\/14839\/revisions"}],"wp:featuredmedia":[{"embeddable":true,"href":"https:\/\/www.ornauer.at\/lebensfreude-blog\/wp-json\/wp\/v2\/media\/14865"}],"wp:attachment":[{"href":"https:\/\/www.ornauer.at\/lebensfreude-blog\/wp-json\/wp\/v2\/media?parent=14839"}],"wp:term":[{"taxonomy":"category","embeddable":true,"href":"https:\/\/www.ornauer.at\/lebensfreude-blog\/wp-json\/wp\/v2\/categories?post=14839"},{"taxonomy":"post_tag","embeddable":true,"href":"https:\/\/www.ornauer.at\/lebensfreude-blog\/wp-json\/wp\/v2\/tags?post=14839"}],"curies":[{"name":"wp","href":"https:\/\/api.w.org\/{rel}","templated":true}]}}